{"id":1309,"date":"2021-04-09T12:40:00","date_gmt":"2021-04-09T10:40:00","guid":{"rendered":"http:\/\/echographique.com\/?p=1309"},"modified":"2026-04-11T16:18:22","modified_gmt":"2026-04-11T14:18:22","slug":"bruno-souetre-faire-image","status":"publish","type":"post","link":"http:\/\/echographique.com\/index.php\/2021\/04\/09\/bruno-souetre-faire-image\/","title":{"rendered":"Bruno Sou\u00eatre \u2014 Faire image"},"content":{"rendered":"\n<figure class=\"wp-block-image size-large\"><img loading=\"lazy\" decoding=\"async\" width=\"1024\" height=\"552\" src=\"http:\/\/echographique.com\/wp-content\/uploads\/2026\/04\/DIA_expo-faire-image-09-e1775731799808-1024x552.png\" alt=\"\" class=\"wp-image-1311\" srcset=\"http:\/\/echographique.com\/wp-content\/uploads\/2026\/04\/DIA_expo-faire-image-09-e1775731799808-1024x552.png 1024w, http:\/\/echographique.com\/wp-content\/uploads\/2026\/04\/DIA_expo-faire-image-09-e1775731799808-300x162.png 300w, http:\/\/echographique.com\/wp-content\/uploads\/2026\/04\/DIA_expo-faire-image-09-e1775731799808-768x414.png 768w, http:\/\/echographique.com\/wp-content\/uploads\/2026\/04\/DIA_expo-faire-image-09-e1775731799808-1536x828.png 1536w, http:\/\/echographique.com\/wp-content\/uploads\/2026\/04\/DIA_expo-faire-image-09-e1775731799808-2048x1104.png 2048w, http:\/\/echographique.com\/wp-content\/uploads\/2026\/04\/DIA_expo-faire-image-09-e1775731799808-210x113.png 210w\" sizes=\"(max-width: 1024px) 100vw, 1024px\" \/><\/figure>\n\n\n\n<figure class=\"wp-block-image size-large\"><img loading=\"lazy\" decoding=\"async\" width=\"1024\" height=\"559\" src=\"http:\/\/echographique.com\/wp-content\/uploads\/2026\/04\/DIA_expo-faire-image-22-e1775731758281-1024x559.png\" alt=\"\" class=\"wp-image-1313\" srcset=\"http:\/\/echographique.com\/wp-content\/uploads\/2026\/04\/DIA_expo-faire-image-22-e1775731758281-1024x559.png 1024w, http:\/\/echographique.com\/wp-content\/uploads\/2026\/04\/DIA_expo-faire-image-22-e1775731758281-300x164.png 300w, http:\/\/echographique.com\/wp-content\/uploads\/2026\/04\/DIA_expo-faire-image-22-e1775731758281-768x420.png 768w, http:\/\/echographique.com\/wp-content\/uploads\/2026\/04\/DIA_expo-faire-image-22-e1775731758281-1536x839.png 1536w, http:\/\/echographique.com\/wp-content\/uploads\/2026\/04\/DIA_expo-faire-image-22-e1775731758281-2048x1119.png 2048w, http:\/\/echographique.com\/wp-content\/uploads\/2026\/04\/DIA_expo-faire-image-22-e1775731758281-210x115.png 210w\" sizes=\"(max-width: 1024px) 100vw, 1024px\" \/><\/figure>\n\n\n\n<figure class=\"wp-block-image size-large\"><img loading=\"lazy\" decoding=\"async\" width=\"1024\" height=\"556\" src=\"http:\/\/echographique.com\/wp-content\/uploads\/2026\/04\/DIA_expo-faire-image-18-e1775731642400-1024x556.png\" alt=\"\" class=\"wp-image-1312\" srcset=\"http:\/\/echographique.com\/wp-content\/uploads\/2026\/04\/DIA_expo-faire-image-18-e1775731642400-1024x556.png 1024w, http:\/\/echographique.com\/wp-content\/uploads\/2026\/04\/DIA_expo-faire-image-18-e1775731642400-300x163.png 300w, http:\/\/echographique.com\/wp-content\/uploads\/2026\/04\/DIA_expo-faire-image-18-e1775731642400-768x417.png 768w, http:\/\/echographique.com\/wp-content\/uploads\/2026\/04\/DIA_expo-faire-image-18-e1775731642400-1536x835.png 1536w, http:\/\/echographique.com\/wp-content\/uploads\/2026\/04\/DIA_expo-faire-image-18-e1775731642400-2048x1113.png 2048w, http:\/\/echographique.com\/wp-content\/uploads\/2026\/04\/DIA_expo-faire-image-18-e1775731642400-210x114.png 210w\" sizes=\"(max-width: 1024px) 100vw, 1024px\" \/><\/figure>\n\n\n\n<figure class=\"wp-block-image size-large\"><img loading=\"lazy\" decoding=\"async\" width=\"1024\" height=\"554\" src=\"http:\/\/echographique.com\/wp-content\/uploads\/2026\/04\/DIA_expo-faire-image-04-e1775731850335-1024x554.png\" alt=\"\" class=\"wp-image-1310\" srcset=\"http:\/\/echographique.com\/wp-content\/uploads\/2026\/04\/DIA_expo-faire-image-04-e1775731850335-1024x554.png 1024w, http:\/\/echographique.com\/wp-content\/uploads\/2026\/04\/DIA_expo-faire-image-04-e1775731850335-300x162.png 300w, http:\/\/echographique.com\/wp-content\/uploads\/2026\/04\/DIA_expo-faire-image-04-e1775731850335-768x416.png 768w, http:\/\/echographique.com\/wp-content\/uploads\/2026\/04\/DIA_expo-faire-image-04-e1775731850335-1536x832.png 1536w, http:\/\/echographique.com\/wp-content\/uploads\/2026\/04\/DIA_expo-faire-image-04-e1775731850335-2048x1109.png 2048w, http:\/\/echographique.com\/wp-content\/uploads\/2026\/04\/DIA_expo-faire-image-04-e1775731850335-210x114.png 210w\" sizes=\"(max-width: 1024px) 100vw, 1024px\" \/><\/figure>\n\n\n\n<p><strong>FAIRE IMAGE<\/strong><\/p>\n\n\n\n<p><strong>bruno sou\u00eatre,&nbsp;<\/strong>expose affiches et autres objets graphiques issus de sa production pour une plong\u00e9e visuelle et pas snob dans le m\u00e9tier invisible des cr\u00e9ateurs d\u2019images.<\/p>\n\n\n\n<p><strong>Exposition personnelle<\/strong><strong><br><\/strong>du 9 avril au 30 octobre 2021 au&nbsp;<a href=\"https:\/\/lelabocambrai.fr\/iguana\/www.main.cls?surl=ressources-actualites-2021-faire-image\" target=\"_blank\" rel=\"noreferrer noopener\">Labo \u2013 Cambrai<\/a>.<\/p>\n\n\n\n<p>Une exposition qui retrace vingt-cinq ans d\u2019<strong>affiches<\/strong>&nbsp;et&nbsp;autres&nbsp;<strong>objets graphiques<\/strong>&nbsp;issus de ma production.&nbsp;<em>\u00ab Une plong\u00e9e visuelle et pas snob dans le m\u00e9tier invisible des cr\u00e9ateurs d\u2019images \u00bb<\/em>&nbsp;dixit David-Jonathan Benrubi, directeur du Labo de cette p\u00e9riode.<\/p>\n\n\n\n<p><strong>Consacr\u00e9e \u00e0 l\u2019image,<\/strong>&nbsp;le&nbsp;dess(e)in de cette exposition donne le primat au principe visuel. Il&nbsp;s\u2019agit d\u2019abord d\u2019une exposition \u00e0&nbsp;regarder. S\u2019adressant \u00e0 un public n\u00e9ophyte, elle&nbsp;assume \u00e9galement (mais secondairement) une dimension p\u00e9dagogique et critique, a&nbsp;priori concurrentielle avec le point pr\u00e9c\u00e9dent. C\u2019est \u00e9galement une exposition \u00e0 lire. Cette dualit\u00e9 se retrouve dans le&nbsp;<strong>commissariat partag\u00e9<\/strong>&nbsp;entre un conservateur \u2013 tenant d\u2019une contextualisation forte et d\u2019un apprentissage du langage de l\u2019image \u2013 et un graphiste \u2013 engag\u00e9 dans la&nbsp;production des&nbsp;<strong>formes<\/strong>&nbsp;et&nbsp;<strong>sensible<\/strong>&nbsp;\u00e0&nbsp;la&nbsp;raison du regard.<\/p>\n\n\n\n<p>En plein confinement\u2026 le directeur compl\u00e9ta l&#8217;affiche de cette belle formule :&nbsp;<strong><em>Ouverture un jour prochain, cl\u00f4ture un jour lointain\u2026<\/em><\/strong>&nbsp;<em>Merci \u00e0 David-Jo, \u00c9ric, Gaspard, Sandrine, Louis et Sacha, Matthieu, Antoine, Romain et Gilles.<\/em><\/p>\n\n\n\n<p><em>\u00c0 mon p\u00e8<\/em><em>re<\/em><em>,<\/em><\/p>\n\n\n\n<p><em>\u2014\u2014\u2014\u2014\u2014\u2014\u2014\u2014\u2014\u2014\u2014\u2014\u2014\u2014\u2014\u2014\u2014\u2014\u2014\u2014\u2014\u2014\u2014\u2014\u2014\u2014\u2014\u2014\u2014\u2014\u2014\u2014\u2014\u2014\u2014\u2014\u2014\u2014\u2014\u2014<\/em><\/p>\n\n\n\n<p><strong>Photographies<\/strong>: Gilles Dupuis<br><strong>Commissaria<\/strong>t: David-Jonathan Benrubi\u00a0et\u00a0Bruno Sou\u00eatre<br><strong>Sc\u00e9nographie et graphisme<\/strong> Bruno Sou\u00eatre<br><strong>Parcours num\u00e9rique et suivi de production<\/strong> Jean-Christian Delacourte<br><strong>Parcours de m\u00e9diation<\/strong> Marie George, Fr\u00e9d\u00e9ric Messager, L\u00e9onie Lepan<br><strong>Audiovisuels<\/strong> Romain Descours<br><strong>Avec la participation de<\/strong> Sandra Chamaret (directrice de l&#8217;\u00e9cole sup\u00e9rieure d&#8217;Art de cambrai), Jean-Michel G\u00e9ridan (directeur du Signe \u00e0 Chaumont), S\u00e9bastien H\u00e9loir (head of design, soci\u00e9t\u00e9 Lyreco), V\u00e9ronique Marrier (responsable de la mission design graphique au Centre national des arts plastiques)<br><strong>Int\u00e9gration<\/strong> Services techniques de la ville de Cambrai (Christian) <br>\u00c9quipes du Th\u00e9\u00e2tre municipal (Pierre-David et Samuel)<\/p>\n\n\n\n<p><strong>Un grand merci \u00e0<\/strong> Antoine Damay, Matthieu Fontaine, Sandrine Herlin, Gaspard Verrier et Eric Verrier<\/p>\n\n\n\n<p><strong>Mobilie<\/strong>r Thierry L\u00e9v\u00e8que Menuiserie &amp; Agencement<\/p>\n\n\n\n<p><strong>Fabrication graphique<\/strong> ALM &#8211; Damien Target<\/p>\n\n\n\n<p><\/p>\n\n\n\n<p><\/p>\n","protected":false},"excerpt":{"rendered":"<p>FAIRE IMAGE bruno sou\u00eatre,&nbsp;expose affiches et autres objets graphiques issus de sa production pour une plong\u00e9e visuelle et pas snob dans le m\u00e9tier invisible des cr\u00e9ateurs d\u2019images. Exposition personnelledu 9 avril au 30 octobre 2021 au&nbsp;Labo \u2013 Cambrai. Une exposition<\/p>\n","protected":false},"author":1,"featured_media":1312,"comment_status":"closed","ping_status":"closed","sticky":false,"template":"","format":"standard","meta":{"footnotes":""},"categories":[23,3,2],"tags":[463,19,466,465,464],"_links":{"self":[{"href":"http:\/\/echographique.com\/index.php\/wp-json\/wp\/v2\/posts\/1309"}],"collection":[{"href":"http:\/\/echographique.com\/index.php\/wp-json\/wp\/v2\/posts"}],"about":[{"href":"http:\/\/echographique.com\/index.php\/wp-json\/wp\/v2\/types\/post"}],"author":[{"embeddable":true,"href":"http:\/\/echographique.com\/index.php\/wp-json\/wp\/v2\/users\/1"}],"replies":[{"embeddable":true,"href":"http:\/\/echographique.com\/index.php\/wp-json\/wp\/v2\/comments?post=1309"}],"version-history":[{"count":3,"href":"http:\/\/echographique.com\/index.php\/wp-json\/wp\/v2\/posts\/1309\/revisions"}],"predecessor-version":[{"id":1317,"href":"http:\/\/echographique.com\/index.php\/wp-json\/wp\/v2\/posts\/1309\/revisions\/1317"}],"wp:featuredmedia":[{"embeddable":true,"href":"http:\/\/echographique.com\/index.php\/wp-json\/wp\/v2\/media\/1312"}],"wp:attachment":[{"href":"http:\/\/echographique.com\/index.php\/wp-json\/wp\/v2\/media?parent=1309"}],"wp:term":[{"taxonomy":"category","embeddable":true,"href":"http:\/\/echographique.com\/index.php\/wp-json\/wp\/v2\/categories?post=1309"},{"taxonomy":"post_tag","embeddable":true,"href":"http:\/\/echographique.com\/index.php\/wp-json\/wp\/v2\/tags?post=1309"}],"curies":[{"name":"wp","href":"https:\/\/api.w.org\/{rel}","templated":true}]}}