{"id":139,"date":"2010-07-15T02:08:06","date_gmt":"2010-07-15T00:08:06","guid":{"rendered":"http:\/\/echographique.com\/?p=139"},"modified":"2017-07-16T13:14:08","modified_gmt":"2017-07-16T11:14:08","slug":"139","status":"publish","type":"post","link":"http:\/\/echographique.com\/index.php\/2010\/07\/15\/139\/","title":{"rendered":"Fanette Mellier \u2014 Dans la Lune"},"content":{"rendered":"<p><img loading=\"lazy\" decoding=\"async\" class=\"alignnone wp-image-140\" src=\"http:\/\/echographique.com\/wp-content\/uploads\/2017\/07\/lune_10-800x531.jpeg\" alt=\"\" width=\"720\" height=\"478\" srcset=\"http:\/\/echographique.com\/wp-content\/uploads\/2017\/07\/lune_10-800x531.jpeg 800w, http:\/\/echographique.com\/wp-content\/uploads\/2017\/07\/lune_10-800x531-300x199.jpeg 300w, http:\/\/echographique.com\/wp-content\/uploads\/2017\/07\/lune_10-800x531-768x510.jpeg 768w, http:\/\/echographique.com\/wp-content\/uploads\/2017\/07\/lune_10-800x531-210x139.jpeg 210w\" sizes=\"(max-width: 720px) 100vw, 720px\" \/><\/p>\n<p><img loading=\"lazy\" decoding=\"async\" class=\"alignnone wp-image-142\" src=\"http:\/\/echographique.com\/wp-content\/uploads\/2017\/07\/lune_19-800x531.jpeg\" alt=\"\" width=\"720\" height=\"478\" srcset=\"http:\/\/echographique.com\/wp-content\/uploads\/2017\/07\/lune_19-800x531.jpeg 800w, http:\/\/echographique.com\/wp-content\/uploads\/2017\/07\/lune_19-800x531-300x199.jpeg 300w, http:\/\/echographique.com\/wp-content\/uploads\/2017\/07\/lune_19-800x531-768x510.jpeg 768w, http:\/\/echographique.com\/wp-content\/uploads\/2017\/07\/lune_19-800x531-210x139.jpeg 210w\" sizes=\"(max-width: 720px) 100vw, 720px\" \/><\/p>\n<p>Fanette Mellier.<br \/>\n<a href=\"https:\/\/fanettemellier.com\/project\/dans-la-lune-expo\/\">Dans la lune<\/a>.<br \/>\nDispositif sc\u00e9nographique : Gr\u00e9goire Romanet.<br \/>\nCr\u00e9dits photographiques : Fanette Mellier.<\/p>\n<p>2010<\/p>\n<p>Centre culturel pour l\u2019enfance<br \/>\nTinqueux 51430<\/p>\n","protected":false},"excerpt":{"rendered":"<p>Fanette Mellier. Dans la lune. Dispositif sc\u00e9nographique : Gr\u00e9goire Romanet. Cr\u00e9dits photographiques : Fanette Mellier. 2010 Centre culturel pour l\u2019enfance Tinqueux 51430<\/p>\n","protected":false},"author":1,"featured_media":143,"comment_status":"open","ping_status":"open","sticky":false,"template":"","format":"standard","meta":{"footnotes":""},"categories":[3,2],"tags":[15,17,18],"_links":{"self":[{"href":"http:\/\/echographique.com\/index.php\/wp-json\/wp\/v2\/posts\/139"}],"collection":[{"href":"http:\/\/echographique.com\/index.php\/wp-json\/wp\/v2\/posts"}],"about":[{"href":"http:\/\/echographique.com\/index.php\/wp-json\/wp\/v2\/types\/post"}],"author":[{"embeddable":true,"href":"http:\/\/echographique.com\/index.php\/wp-json\/wp\/v2\/users\/1"}],"replies":[{"embeddable":true,"href":"http:\/\/echographique.com\/index.php\/wp-json\/wp\/v2\/comments?post=139"}],"version-history":[{"count":5,"href":"http:\/\/echographique.com\/index.php\/wp-json\/wp\/v2\/posts\/139\/revisions"}],"predecessor-version":[{"id":260,"href":"http:\/\/echographique.com\/index.php\/wp-json\/wp\/v2\/posts\/139\/revisions\/260"}],"wp:featuredmedia":[{"embeddable":true,"href":"http:\/\/echographique.com\/index.php\/wp-json\/wp\/v2\/media\/143"}],"wp:attachment":[{"href":"http:\/\/echographique.com\/index.php\/wp-json\/wp\/v2\/media?parent=139"}],"wp:term":[{"taxonomy":"category","embeddable":true,"href":"http:\/\/echographique.com\/index.php\/wp-json\/wp\/v2\/categories?post=139"},{"taxonomy":"post_tag","embeddable":true,"href":"http:\/\/echographique.com\/index.php\/wp-json\/wp\/v2\/tags?post=139"}],"curies":[{"name":"wp","href":"https:\/\/api.w.org\/{rel}","templated":true}]}}