{"id":176,"date":"2012-07-15T18:58:41","date_gmt":"2012-07-15T16:58:41","guid":{"rendered":"http:\/\/echographique.com\/?p=176"},"modified":"2017-07-15T19:01:21","modified_gmt":"2017-07-15T17:01:21","slug":"les-plus-beaux-livres-suisses-2012","status":"publish","type":"post","link":"http:\/\/echographique.com\/index.php\/2012\/07\/15\/les-plus-beaux-livres-suisses-2012\/","title":{"rendered":"Les plus beaux livres suisses, 2012"},"content":{"rendered":"<p><img loading=\"lazy\" decoding=\"async\" src=\"http:\/\/echographique.com\/wp-content\/uploads\/2017\/07\/BAK_Helmhaus-14-1024x683.jpg\" alt=\"\" width=\"720\" height=\"480\" class=\"alignnone size-large wp-image-180\" srcset=\"http:\/\/echographique.com\/wp-content\/uploads\/2017\/07\/BAK_Helmhaus-14-1024x683.jpg 1024w, http:\/\/echographique.com\/wp-content\/uploads\/2017\/07\/BAK_Helmhaus-14-300x200.jpg 300w, http:\/\/echographique.com\/wp-content\/uploads\/2017\/07\/BAK_Helmhaus-14-768x513.jpg 768w, http:\/\/echographique.com\/wp-content\/uploads\/2017\/07\/BAK_Helmhaus-14-210x140.jpg 210w\" sizes=\"(max-width: 720px) 100vw, 720px\" \/><\/p>\n<p><img loading=\"lazy\" decoding=\"async\" src=\"http:\/\/echographique.com\/wp-content\/uploads\/2017\/07\/BAK_Helmhaus-11-683x1024.jpg\" alt=\"\" width=\"683\" height=\"1024\" class=\"alignnone size-large wp-image-181\" srcset=\"http:\/\/echographique.com\/wp-content\/uploads\/2017\/07\/BAK_Helmhaus-11-683x1024.jpg 683w, http:\/\/echographique.com\/wp-content\/uploads\/2017\/07\/BAK_Helmhaus-11-200x300.jpg 200w, http:\/\/echographique.com\/wp-content\/uploads\/2017\/07\/BAK_Helmhaus-11-768x1151.jpg 768w, http:\/\/echographique.com\/wp-content\/uploads\/2017\/07\/BAK_Helmhaus-11-210x315.jpg 210w\" sizes=\"(max-width: 683px) 100vw, 683px\" \/><\/p>\n<p><img loading=\"lazy\" decoding=\"async\" src=\"http:\/\/echographique.com\/wp-content\/uploads\/2017\/07\/BAK_Helmhaus-7-683x1024.jpg\" alt=\"\" width=\"683\" height=\"1024\" class=\"alignnone size-large wp-image-183\" srcset=\"http:\/\/echographique.com\/wp-content\/uploads\/2017\/07\/BAK_Helmhaus-7-683x1024.jpg 683w, http:\/\/echographique.com\/wp-content\/uploads\/2017\/07\/BAK_Helmhaus-7-200x300.jpg 200w, http:\/\/echographique.com\/wp-content\/uploads\/2017\/07\/BAK_Helmhaus-7-768x1151.jpg 768w, http:\/\/echographique.com\/wp-content\/uploads\/2017\/07\/BAK_Helmhaus-7-210x315.jpg 210w\" sizes=\"(max-width: 683px) 100vw, 683px\" \/><\/p>\n<p><img loading=\"lazy\" decoding=\"async\" src=\"http:\/\/echographique.com\/wp-content\/uploads\/2017\/07\/BAK_Helmhaus-5-683x1024.jpg\" alt=\"\" width=\"683\" height=\"1024\" class=\"alignnone size-large wp-image-185\" srcset=\"http:\/\/echographique.com\/wp-content\/uploads\/2017\/07\/BAK_Helmhaus-5-683x1024.jpg 683w, http:\/\/echographique.com\/wp-content\/uploads\/2017\/07\/BAK_Helmhaus-5-200x300.jpg 200w, http:\/\/echographique.com\/wp-content\/uploads\/2017\/07\/BAK_Helmhaus-5-768x1151.jpg 768w, http:\/\/echographique.com\/wp-content\/uploads\/2017\/07\/BAK_Helmhaus-5-210x315.jpg 210w\" sizes=\"(max-width: 683px) 100vw, 683px\" \/><\/p>\n<p><img loading=\"lazy\" decoding=\"async\" src=\"http:\/\/echographique.com\/wp-content\/uploads\/2017\/07\/BAK_Helmhaus-3-683x1024.jpg\" alt=\"\" width=\"683\" height=\"1024\" class=\"alignnone size-large wp-image-187\" srcset=\"http:\/\/echographique.com\/wp-content\/uploads\/2017\/07\/BAK_Helmhaus-3-683x1024.jpg 683w, http:\/\/echographique.com\/wp-content\/uploads\/2017\/07\/BAK_Helmhaus-3-200x300.jpg 200w, http:\/\/echographique.com\/wp-content\/uploads\/2017\/07\/BAK_Helmhaus-3-768x1151.jpg 768w, http:\/\/echographique.com\/wp-content\/uploads\/2017\/07\/BAK_Helmhaus-3-210x315.jpg 210w\" sizes=\"(max-width: 683px) 100vw, 683px\" \/><\/p>\n<p>Les plus beaux livres suisses 2012<br \/>\nPhotographie : Oliver Sutter, copyright Office f\u00e9d\u00e9ral de la culture, Berne.<\/p>\n<p>Photographie (pour l&#8217;image de couverture) : Scheltens &#038; Abbenes, copyright Office f\u00e9d\u00e9ral de la culture, Berne.<\/p>\n","protected":false},"excerpt":{"rendered":"<p>Les plus beaux livres suisses 2012 Photographie : Oliver Sutter, copyright Office f\u00e9d\u00e9ral de la culture, Berne. Photographie (pour l&#8217;image de couverture) : Scheltens &#038; Abbenes, copyright Office f\u00e9d\u00e9ral de la culture, Berne.<\/p>\n","protected":false},"author":1,"featured_media":183,"comment_status":"open","ping_status":"open","sticky":false,"template":"","format":"standard","meta":{"footnotes":""},"categories":[23,3,2],"tags":[],"_links":{"self":[{"href":"http:\/\/echographique.com\/index.php\/wp-json\/wp\/v2\/posts\/176"}],"collection":[{"href":"http:\/\/echographique.com\/index.php\/wp-json\/wp\/v2\/posts"}],"about":[{"href":"http:\/\/echographique.com\/index.php\/wp-json\/wp\/v2\/types\/post"}],"author":[{"embeddable":true,"href":"http:\/\/echographique.com\/index.php\/wp-json\/wp\/v2\/users\/1"}],"replies":[{"embeddable":true,"href":"http:\/\/echographique.com\/index.php\/wp-json\/wp\/v2\/comments?post=176"}],"version-history":[{"count":3,"href":"http:\/\/echographique.com\/index.php\/wp-json\/wp\/v2\/posts\/176\/revisions"}],"predecessor-version":[{"id":193,"href":"http:\/\/echographique.com\/index.php\/wp-json\/wp\/v2\/posts\/176\/revisions\/193"}],"wp:featuredmedia":[{"embeddable":true,"href":"http:\/\/echographique.com\/index.php\/wp-json\/wp\/v2\/media\/183"}],"wp:attachment":[{"href":"http:\/\/echographique.com\/index.php\/wp-json\/wp\/v2\/media?parent=176"}],"wp:term":[{"taxonomy":"category","embeddable":true,"href":"http:\/\/echographique.com\/index.php\/wp-json\/wp\/v2\/categories?post=176"},{"taxonomy":"post_tag","embeddable":true,"href":"http:\/\/echographique.com\/index.php\/wp-json\/wp\/v2\/tags?post=176"}],"curies":[{"name":"wp","href":"https:\/\/api.w.org\/{rel}","templated":true}]}}