{"id":814,"date":"2017-05-13T16:18:21","date_gmt":"2017-05-13T14:18:21","guid":{"rendered":"http:\/\/echographique.com\/?p=814"},"modified":"2026-04-08T11:36:59","modified_gmt":"2026-04-08T09:36:59","slug":"karel-martens-couleurs-sur-la-plage","status":"publish","type":"post","link":"http:\/\/echographique.com\/index.php\/2017\/05\/13\/karel-martens-couleurs-sur-la-plage\/","title":{"rendered":"Karel Martens &#8211; Couleurs sur la plage"},"content":{"rendered":"<p><img loading=\"lazy\" decoding=\"async\" src=\"http:\/\/echographique.com\/wp-content\/uploads\/2017\/10\/Karel-Martens-brph3772-copie-888x1024.jpg\" alt=\"\" width=\"720\" height=\"830\" class=\"alignnone size-large wp-image-815\" srcset=\"http:\/\/echographique.com\/wp-content\/uploads\/2017\/10\/Karel-Martens-brph3772-copie-888x1024.jpg 888w, http:\/\/echographique.com\/wp-content\/uploads\/2017\/10\/Karel-Martens-brph3772-copie-260x300.jpg 260w, http:\/\/echographique.com\/wp-content\/uploads\/2017\/10\/Karel-Martens-brph3772-copie-768x885.jpg 768w, http:\/\/echographique.com\/wp-content\/uploads\/2017\/10\/Karel-Martens-brph3772-copie-210x242.jpg 210w, http:\/\/echographique.com\/wp-content\/uploads\/2017\/10\/Karel-Martens-brph3772-copie.jpg 1002w\" sizes=\"(max-width: 720px) 100vw, 720px\" \/><\/p>\n<p><img loading=\"lazy\" decoding=\"async\" src=\"http:\/\/echographique.com\/wp-content\/uploads\/2017\/10\/Karel-Martens-brph3771-1024x683.jpg\" alt=\"\" width=\"720\" height=\"480\" class=\"alignnone size-large wp-image-817\" srcset=\"http:\/\/echographique.com\/wp-content\/uploads\/2017\/10\/Karel-Martens-brph3771-1024x683.jpg 1024w, http:\/\/echographique.com\/wp-content\/uploads\/2017\/10\/Karel-Martens-brph3771-300x200.jpg 300w, http:\/\/echographique.com\/wp-content\/uploads\/2017\/10\/Karel-Martens-brph3771-768x512.jpg 768w, http:\/\/echographique.com\/wp-content\/uploads\/2017\/10\/Karel-Martens-brph3771-210x140.jpg 210w, http:\/\/echographique.com\/wp-content\/uploads\/2017\/10\/Karel-Martens-brph3771.jpg 1170w\" sizes=\"(max-width: 720px) 100vw, 720px\" \/><\/p>\n<p>Karel Martens \u2014 Couleurs sur la plage<br \/>\nGraphic Design: Karel Martens<br \/>\nPartenaires: Editions non-Standard, Universit\u00e9 du Havre, repr\u00e9sent\u00e9e par Pierre-Yves Cachard (Biblioth\u00e8que Universitaire, Une Saison Graphique) et Stefan Balev (FabLab La Faironnerie)<br \/>\nCommisionned by Ville du Havre and <em>GIP Le Havre<\/em> 2017, in the context of &#8220;<em>Un \u00e9t\u00e9 au Havre<\/em>&#8220;, curated by Jean Blaise<br \/>\nProduced by Artevia.<br \/>\n\u00a9 Philippe Br\u00e9ard.<\/p>\n<p>2017.05.27\u2014<br \/>\n2017.10.08.<\/p>\n<p>Plage du Havre,<br \/>\nBoulevard Albert 1er,<br \/>\n76600, Le Havre.<\/p>\n","protected":false},"excerpt":{"rendered":"<p>Karel Martens \u2014 Couleurs sur la plage Graphic Design: Karel Martens Partenaires: Editions non-Standard, Universit\u00e9 du Havre, repr\u00e9sent\u00e9e par Pierre-Yves Cachard (Biblioth\u00e8que Universitaire, Une Saison Graphique) et Stefan Balev (FabLab La Faironnerie) Commisionned by Ville du Havre and GIP Le<\/p>\n","protected":false},"author":1,"featured_media":817,"comment_status":"closed","ping_status":"closed","sticky":false,"template":"","format":"standard","meta":{"footnotes":""},"categories":[3,2],"tags":[8,26],"_links":{"self":[{"href":"http:\/\/echographique.com\/index.php\/wp-json\/wp\/v2\/posts\/814"}],"collection":[{"href":"http:\/\/echographique.com\/index.php\/wp-json\/wp\/v2\/posts"}],"about":[{"href":"http:\/\/echographique.com\/index.php\/wp-json\/wp\/v2\/types\/post"}],"author":[{"embeddable":true,"href":"http:\/\/echographique.com\/index.php\/wp-json\/wp\/v2\/users\/1"}],"replies":[{"embeddable":true,"href":"http:\/\/echographique.com\/index.php\/wp-json\/wp\/v2\/comments?post=814"}],"version-history":[{"count":3,"href":"http:\/\/echographique.com\/index.php\/wp-json\/wp\/v2\/posts\/814\/revisions"}],"predecessor-version":[{"id":820,"href":"http:\/\/echographique.com\/index.php\/wp-json\/wp\/v2\/posts\/814\/revisions\/820"}],"wp:featuredmedia":[{"embeddable":true,"href":"http:\/\/echographique.com\/index.php\/wp-json\/wp\/v2\/media\/817"}],"wp:attachment":[{"href":"http:\/\/echographique.com\/index.php\/wp-json\/wp\/v2\/media?parent=814"}],"wp:term":[{"taxonomy":"category","embeddable":true,"href":"http:\/\/echographique.com\/index.php\/wp-json\/wp\/v2\/categories?post=814"},{"taxonomy":"post_tag","embeddable":true,"href":"http:\/\/echographique.com\/index.php\/wp-json\/wp\/v2\/tags?post=814"}],"curies":[{"name":"wp","href":"https:\/\/api.w.org\/{rel}","templated":true}]}}