{"id":843,"date":"2015-09-15T21:07:09","date_gmt":"2015-09-15T19:07:09","guid":{"rendered":"http:\/\/echographique.com\/?p=843"},"modified":"2017-10-08T21:18:27","modified_gmt":"2017-10-08T19:18:27","slug":"va-grapus-une-exposition-autour-dun-collectif-de-graphistes","status":"publish","type":"post","link":"http:\/\/echographique.com\/index.php\/2015\/09\/15\/va-grapus-une-exposition-autour-dun-collectif-de-graphistes\/","title":{"rendered":"Grapus \u2014 Une exposition autour d&#8217;un collectif de graphistes"},"content":{"rendered":"<p><img loading=\"lazy\" decoding=\"async\" src=\"http:\/\/echographique.com\/wp-content\/uploads\/2017\/10\/syndicat-graphisme-Sacha-Leopold-Francois-Havegeer-exposition-grapus-Esad-Amiens-1024x929.jpg\" alt=\"\" width=\"720\" height=\"653\" class=\"alignnone size-large wp-image-844\" srcset=\"http:\/\/echographique.com\/wp-content\/uploads\/2017\/10\/syndicat-graphisme-Sacha-Leopold-Francois-Havegeer-exposition-grapus-Esad-Amiens-1024x929.jpg 1024w, http:\/\/echographique.com\/wp-content\/uploads\/2017\/10\/syndicat-graphisme-Sacha-Leopold-Francois-Havegeer-exposition-grapus-Esad-Amiens-300x272.jpg 300w, http:\/\/echographique.com\/wp-content\/uploads\/2017\/10\/syndicat-graphisme-Sacha-Leopold-Francois-Havegeer-exposition-grapus-Esad-Amiens-768x697.jpg 768w, http:\/\/echographique.com\/wp-content\/uploads\/2017\/10\/syndicat-graphisme-Sacha-Leopold-Francois-Havegeer-exposition-grapus-Esad-Amiens-210x190.jpg 210w, http:\/\/echographique.com\/wp-content\/uploads\/2017\/10\/syndicat-graphisme-Sacha-Leopold-Francois-Havegeer-exposition-grapus-Esad-Amiens.jpg 1365w\" sizes=\"(max-width: 720px) 100vw, 720px\" \/><\/p>\n<p>Grapus, \u201cUne exposition autour d&#8217;un collectif de graphistes\u201d.<br \/>\nCurated by <a href=\"http:\/\/www.s-y-n-d-i-c-a-t.eu\/\">S-Y-N-D-I-C-A-T<\/a> (Fran\u00e7ois Havegeer, Sacha Leopold),<br \/>\nat \u00c9cole sup\u00e9rieure d\u2019art et de design, Amiens.<br \/>\nExhibition design: S-Y-N-D-I-C-A-T.<br \/>\nGraphic design: Grapus.<br \/>\nPhotographer: S-Y-N-D-I-C-A-T.<\/p>\n<p>2015.10.15.\u2014<br \/>\n2015.09.09<\/p>\n<p>\u00c9cole sup\u00e9rieure d\u2019art et de design, Amiens.<\/p>\n","protected":false},"excerpt":{"rendered":"<p>Grapus, \u201cUne exposition autour d&#8217;un collectif de graphistes\u201d. Curated by S-Y-N-D-I-C-A-T (Fran\u00e7ois Havegeer, Sacha Leopold), at \u00c9cole sup\u00e9rieure d\u2019art et de design, Amiens. Exhibition design: S-Y-N-D-I-C-A-T. Graphic design: Grapus. Photographer: S-Y-N-D-I-C-A-T. 2015.10.15.\u2014 2015.09.09 \u00c9cole sup\u00e9rieure d\u2019art et de design, Amiens.<\/p>\n","protected":false},"author":1,"featured_media":844,"comment_status":"open","ping_status":"open","sticky":false,"template":"","format":"standard","meta":{"footnotes":""},"categories":[3,2],"tags":[287,286,288,88],"_links":{"self":[{"href":"http:\/\/echographique.com\/index.php\/wp-json\/wp\/v2\/posts\/843"}],"collection":[{"href":"http:\/\/echographique.com\/index.php\/wp-json\/wp\/v2\/posts"}],"about":[{"href":"http:\/\/echographique.com\/index.php\/wp-json\/wp\/v2\/types\/post"}],"author":[{"embeddable":true,"href":"http:\/\/echographique.com\/index.php\/wp-json\/wp\/v2\/users\/1"}],"replies":[{"embeddable":true,"href":"http:\/\/echographique.com\/index.php\/wp-json\/wp\/v2\/comments?post=843"}],"version-history":[{"count":2,"href":"http:\/\/echographique.com\/index.php\/wp-json\/wp\/v2\/posts\/843\/revisions"}],"predecessor-version":[{"id":846,"href":"http:\/\/echographique.com\/index.php\/wp-json\/wp\/v2\/posts\/843\/revisions\/846"}],"wp:featuredmedia":[{"embeddable":true,"href":"http:\/\/echographique.com\/index.php\/wp-json\/wp\/v2\/media\/844"}],"wp:attachment":[{"href":"http:\/\/echographique.com\/index.php\/wp-json\/wp\/v2\/media?parent=843"}],"wp:term":[{"taxonomy":"category","embeddable":true,"href":"http:\/\/echographique.com\/index.php\/wp-json\/wp\/v2\/categories?post=843"},{"taxonomy":"post_tag","embeddable":true,"href":"http:\/\/echographique.com\/index.php\/wp-json\/wp\/v2\/tags?post=843"}],"curies":[{"name":"wp","href":"https:\/\/api.w.org\/{rel}","templated":true}]}}